{"id":11809,"date":"2024-06-24T13:59:37","date_gmt":"2024-06-24T11:59:37","guid":{"rendered":"https:\/\/multiloisirs.fr\/?p=11809"},"modified":"2024-06-24T13:59:37","modified_gmt":"2024-06-24T11:59:37","slug":"atelier-mld-la-capelle-ce-samedi-29-juin-2024%f0%9f%9a%90","status":"publish","type":"post","link":"https:\/\/multiloisirs.fr\/2024\/06\/24\/atelier-mld-la-capelle-ce-samedi-29-juin-2024%f0%9f%9a%90\/","title":{"rendered":"ATELIER MLD LA CAPELLE CE SAMEDI 29 JUIN 2024\ud83d\ude90"},"content":{"rendered":"<div class=\"flex-shrink-0 flex flex-col relative items-end\">\n<div>\n<div class=\"pt-0.5 juice:pt-0\">\n<div class=\"gizmo-bot-avatar flex h-6 w-6 items-center justify-center overflow-hidden rounded-full juice:h-8 juice:w-8\"><\/div>\n<\/div>\n<\/div>\n<\/div>\n<div class=\"group\/conversation-turn relative flex w-full min-w-0 flex-col agent-turn\">\n<div class=\"flex-col gap-1 md:gap-3\">\n<div class=\"flex flex-grow flex-col max-w-full\">\n<div data-message-author-role=\"assistant\" data-message-id=\"a4c60c27-b701-4fbf-84f9-f7d35bd09a07\" dir=\"auto\" class=\"min-h-[20px] text-message flex flex-col items-start whitespace-pre-wrap break-words [.text-message+&amp;]:mt-5 juice:w-full juice:items-end overflow-x-auto gap-2\">\n<div class=\"flex w-full flex-col gap-1 juice:empty:hidden juice:first:pt-[3px]\">\n<div class=\"markdown prose w-full break-words dark:prose-invert light\">\n<h3><\/h3>\n<p><strong>\ud83d\ude90 Atelier MLD LA CAPELLE : Am\u00e9lioration de l&#8217;Autonomie et du Confort de Votre Camping-Car \ud83d\ude90<\/strong><\/p>\n<p>Rendez-vous le <strong>\ud83d\uddd3\ufe0f samedi 29 juin 2024<\/strong> \u00e0 14h<\/p>\n<p><strong>\ud83d\udccd MLD LA CAPELLE<\/strong>, situ\u00e9 au 24 Route Nationale 2, 02260 La Flamengrie.<\/p>\n<p><strong>\ud83d\udcc5 Programme de la journ\u00e9e :<\/strong><\/p>\n<ul>\n<li><strong>14h00<\/strong> : \u2615 Accueil des participants avec un caf\u00e9 et des gourmandises \ud83c\udf6a.<\/li>\n<li><strong>14h30<\/strong> : \ud83d\udd0b Atelier sur l\u2019augmentation de l\u2019autonomie de votre camping-car.<\/li>\n<li><strong>15h30<\/strong> : \ud83d\udecb\ufe0f Atelier sur l\u2019am\u00e9lioration du confort de votre v\u00e9hicule.<\/li>\n<\/ul>\n<p><strong>\ud83c\udf89 Offres Exceptionnelles<\/strong> :<\/p>\n<ul>\n<li>B\u00e9n\u00e9ficiez d&#8217;offres exclusives sur les accessoires pour votre camping-car lors de l&#8217;\u00e9v\u00e9nement.<\/li>\n<\/ul>\n<p><strong>\ud83d\udcde Informations et R\u00e9servations<\/strong> :<\/p>\n<ul>\n<li>T\u00e9l\u00e9phone : 03.23.97.11.01<\/li>\n<li>R\u00e9servations : <a href=\"https:\/\/docs.google.com\/forms\/d\/1HtUPDsGhgafW83ffS7uyNZWoeKeOa17X6kojId6LYic\/prefill\">Invitation \u2013 ATELIER AUTONOMIE ET CONFORT DE VOTRE CAMPING-CAR (google.com)<\/a><\/li>\n<\/ul>\n<p>Venez nombreux pour d\u00e9couvrir nos astuces et conseils pour profiter pleinement de vos voyages en camping-car avec plus d&#8217;autonomie et de confort. Un moment convivial et enrichissant vous attend ! \ud83c\udf8a<\/p>\n<\/div>\n<\/div>\n<\/div>\n<\/div>\n<\/div>\n<\/div>\n","protected":false},"excerpt":{"rendered":"<p>\ud83d\ude90 Atelier MLD LA CAPELLE : Am\u00e9lioration de l&#8217;Autonomie et du Confort de Votre Camping-Car \ud83d\ude90 Rendez-vous le \ud83d\uddd3\ufe0f samedi 29 juin 2024 \u00e0 14h \ud83d\udccd MLD LA CAPELLE, situ\u00e9 au 24 Route Nationale 2, 02260 La Flamengrie. \ud83d\udcc5 Programme de la journ\u00e9e : 14h00 : \u2615 Accueil des participants [&hellip;]<\/p>\n","protected":false},"author":26,"featured_media":11810,"comment_status":"closed","ping_status":"open","sticky":false,"template":"","format":"standard","meta":[],"categories":[1],"tags":[],"acf":[],"aioseo_notices":[],"_links":{"self":[{"href":"https:\/\/multiloisirs.fr\/nov-apijson\/wp\/v2\/posts\/11809"}],"collection":[{"href":"https:\/\/multiloisirs.fr\/nov-apijson\/wp\/v2\/posts"}],"about":[{"href":"https:\/\/multiloisirs.fr\/nov-apijson\/wp\/v2\/types\/post"}],"author":[{"embeddable":true,"href":"https:\/\/multiloisirs.fr\/nov-apijson\/wp\/v2\/users\/26"}],"replies":[{"embeddable":true,"href":"https:\/\/multiloisirs.fr\/nov-apijson\/wp\/v2\/comments?post=11809"}],"version-history":[{"count":1,"href":"https:\/\/multiloisirs.fr\/nov-apijson\/wp\/v2\/posts\/11809\/revisions"}],"predecessor-version":[{"id":11811,"href":"https:\/\/multiloisirs.fr\/nov-apijson\/wp\/v2\/posts\/11809\/revisions\/11811"}],"wp:featuredmedia":[{"embeddable":true,"href":"https:\/\/multiloisirs.fr\/nov-apijson\/wp\/v2\/media\/11810"}],"wp:attachment":[{"href":"https:\/\/multiloisirs.fr\/nov-apijson\/wp\/v2\/media?parent=11809"}],"wp:term":[{"taxonomy":"category","embeddable":true,"href":"https:\/\/multiloisirs.fr\/nov-apijson\/wp\/v2\/categories?post=11809"},{"taxonomy":"post_tag","embeddable":true,"href":"https:\/\/multiloisirs.fr\/nov-apijson\/wp\/v2\/tags?post=11809"}],"curies":[{"name":"wp","href":"https:\/\/api.w.org\/{rel}","templated":true}]}}